{"id":880,"date":"2018-12-21T19:10:47","date_gmt":"2018-12-21T18:10:47","guid":{"rendered":"http:\/\/gsigma.rs\/blog\/?p=880"},"modified":"2018-12-21T19:10:47","modified_gmt":"2018-12-21T18:10:47","slug":"doslo-vreme-za-ulepsavanje","status":"publish","type":"post","link":"https:\/\/gsigma.rs\/blog\/doslo-vreme-za-ulepsavanje\/","title":{"rendered":"DO\u0160LO VREME ZA ULEP\u0160AVANJE"},"content":{"rendered":"<blockquote><p>Zrenjanin je podeljen u zone i blokove za koje \u0107e va\u017eiti posebna pravila u vezi sa ure\u0111enjem izgleda zgrada. Grad planira da preko konkursa u\u010destvuje u sufinansiranju sre\u0111ivanja fasada.<\/p><\/blockquote>\n<p>Grad Zrenjanin me\u0111u prvima je koji je svojom odlukom uredio oblast ure\u0111enja zgrada i stambenih jedinica. Iako \u0107e do primene ove odluke sigurno pro\u0107i meseci, jer je, izme\u0111u ostalog, potrebno doneti i posebne pravilnike i \u0161to je jo\u0161 va\u017enije obezbediti novac u bud\u017eetu, dobro je da se o ovoj oblasti uop\u0161te i razmi\u0161lja.<\/p>\n<h3>GRAD PODELJEN NA ZONE I BLOKOVE<\/h3>\n<p><a href=\"http:\/\/www.zrenjanin.rs\/userfiles\/file\/Sednice%20Skupstine\/2016\/20\/06.pdf\" target=\"_blank\" rel=\"noopener\">Odlukom<\/a> su utvr\u0111ene urbanisti\u010dke zone i blokovi u okviru kojih se propisuje obaveza teku\u0107eg i investicionog odr\u017eavanja i unapre\u0111enja svojstava stambenih, stambeno &#8211; poslovnih i poslovnih zgrada, zgrada javne namene, zgrada koje su progla\u0161ene za <a href=\"http:\/\/www.zrenjaninheritage.com\/kulturna-dobra\" target=\"_blank\" rel=\"noopener\">kulturno dobro<\/a>, kao i zgrada u za\u0161ti\u0107enim kulturno &#8211; istorijskim celinama radi ostvarivanja javnog interesa, odnosno u cilju spre\u010davanja nastanka \u0161tetnih posledica po \u017eivot i zdravlje ljudi, \u017eivotnu sredinu, privredu i imovinu ve\u0107e vrednosti.<\/p>\n<p>Tako su gradu formirane ekstra zona, kao i zone I, II, III i IV. Za svaku od ovih zona va\u017ee posebna pravila.<\/p>\n<p>Na primer, u \u201cekstra zoni\u201d zabranjeno je postavljanje klima ure\u0111aja na delovima zgrade okrenutim ka ulici. U zonama ozna\u010denim kao \u201cekstra zona\u201d i \u201cI zona\u201d zabranjeno je vr\u0161iti promenu spoljnog izgleda zgrada, odnosno promenu izgleda uli\u010dnih fasada, zastakljivanje balkona, prostiranje ve\u0161a, ispisivanje grafita, kao i postavljanje svetle\u0107ih reklama na delovima zgrade okrenutim ka ulici.<\/p>\n<p>U zonama ozna\u010denim kao \u201cekstra zona\u201d , \u201cI zona\u201d, \u201cII zona\u201d, \u201cIII zona\u201d i \u201cIV zona\u201d, obavezno je preduzimanje neophodnih radnji u cilju teku\u0107eg odr\u017eavanja zgrade i spoljnog izgleda zgrade, kao i <a href=\"https:\/\/gsigma.rs\/blog\/sta-kad-curi-krov-a-novaca-nema\/\" target=\"_blank\" rel=\"noopener\">investicionog odr\u017eavanja<\/a> i unapre\u0111enja svojstava zgrade u cilju unapre\u0111enja uslova stanovanja, o\u010duvanja i unapre\u0111enja vrednosti stambenog fonda uz unapre\u0111enje energetske efikasnosti, smanjenja negativnih uticaja na \u017eivotnu sredinu i racionalnog kori\u0161\u0107enja resursa.<\/p>\n<h3>I GRAD \u0106E U\u010cESTVOVATI<\/h3>\n<p>Skup\u0161tina grada donosi i akt o minimalnoj visini u\u010de\u0161\u0107a vlasnika posebnih i samostalnih delova zgrada u tro\u0161kovima teku\u0107eg i investicionog odr\u017eavanja zajedni\u010dkih delova zgrada na teritoriji grada Zrenjanina.<\/p>\n","protected":false},"excerpt":{"rendered":"<p>Zrenjanin je podeljen u zone i blokove za koje \u0107e va\u017eiti posebna pravila u vezi sa ure\u0111enjem izgleda zgrada. Grad planira da preko konkursa u\u010destvuje u sufinansiranju sre\u0111ivanja fasada. Grad Zrenjanin me\u0111u prvima je koji je svojom odlukom uredio oblast ure\u0111enja zgrada i stambenih jedinica. Iako \u0107e do primene ove odluke sigurno pro\u0107i meseci, jer [&hellip;]<\/p>\n","protected":false},"author":3,"featured_media":506,"comment_status":"closed","ping_status":"open","sticky":false,"template":"","format":"standard","meta":[],"categories":[1],"tags":[21,29,39],"_links":{"self":[{"href":"https:\/\/gsigma.rs\/blog\/wp-json\/wp\/v2\/posts\/880"}],"collection":[{"href":"https:\/\/gsigma.rs\/blog\/wp-json\/wp\/v2\/posts"}],"about":[{"href":"https:\/\/gsigma.rs\/blog\/wp-json\/wp\/v2\/types\/post"}],"author":[{"embeddable":true,"href":"https:\/\/gsigma.rs\/blog\/wp-json\/wp\/v2\/users\/3"}],"replies":[{"embeddable":true,"href":"https:\/\/gsigma.rs\/blog\/wp-json\/wp\/v2\/comments?post=880"}],"version-history":[{"count":1,"href":"https:\/\/gsigma.rs\/blog\/wp-json\/wp\/v2\/posts\/880\/revisions"}],"predecessor-version":[{"id":881,"href":"https:\/\/gsigma.rs\/blog\/wp-json\/wp\/v2\/posts\/880\/revisions\/881"}],"wp:featuredmedia":[{"embeddable":true,"href":"https:\/\/gsigma.rs\/blog\/wp-json\/wp\/v2\/media\/506"}],"wp:attachment":[{"href":"https:\/\/gsigma.rs\/blog\/wp-json\/wp\/v2\/media?parent=880"}],"wp:term":[{"taxonomy":"category","embeddable":true,"href":"https:\/\/gsigma.rs\/blog\/wp-json\/wp\/v2\/categories?post=880"},{"taxonomy":"post_tag","embeddable":true,"href":"https:\/\/gsigma.rs\/blog\/wp-json\/wp\/v2\/tags?post=880"}],"curies":[{"name":"wp","href":"https:\/\/api.w.org\/{rel}","templated":true}]}}