{"id":598,"date":"2017-12-17T10:58:15","date_gmt":"2017-12-17T09:58:15","guid":{"rendered":"http:\/\/gsigma.rs\/blog\/?p=598"},"modified":"2017-12-17T10:58:15","modified_gmt":"2017-12-17T09:58:15","slug":"bucno-bucnije-najbucnije","status":"publish","type":"post","link":"https:\/\/gsigma.rs\/blog\/bucno-bucnije-najbucnije\/","title":{"rendered":"BU\u010cNO, BU\u010cNIJE, NAJBU\u010cNIJE"},"content":{"rendered":"<blockquote><p>Buka je jedan od najve\u0107ih problema dana\u0161njice. Bu\u010dno je u prostoru u kom radimo, \u010desto je bu\u010dno i u prostoru u kom \u017eivimo. Dugotrajno izlaganje buci mo\u017ee da izazove niz problema, ali ono \u0161to je sigurno jeste da rad u bu\u010dnom prostoru smanjuje efikasnost i koncentraciju. Na sre\u0107u, problem mo\u017ee da se re\u0161i.<\/p><\/blockquote>\n<p>Buka je zvuk koji slu\u0161atelj ne \u017eeli da \u010duje, jer mu je neprijatan, glasan ili smeta raspoznavanju drugih zvukova. U tome se sastoji temeljna, subjektivna razlika izme\u0111u zvuka i buke. Bilo koji zvuk mo\u017ee biti do\u017eivljen kao buka.<\/p>\n<h3>BU\u010cNI MI, A BU\u010cNE I KOM\u0160IJE<\/h3>\n<p>Urbani na\u010din \u017eivota name\u0107e sve ve\u0107e koncentracije stambenih prostora po kvadratnom metru. Kao posledica, javljaju se problemi povezani sa \u017eivotom u <a href=\"http:\/\/gsigma.rs\/u-izgradnji\/stanovi?pt=2\">zajedni\u010dkim zgradama.<\/a><\/p>\n<p>Neko pu\u0161ta glasnu muziku, neko glasnije govori, neko treska vratima\u2026<\/p>\n<p>Te\u0161ko je danju, a jo\u0161 te\u017ee no\u0107u.<\/p>\n<p>Kako izgleda prose\u010dan radni dan u modernom otvorenom <a href=\"http:\/\/gsigma.rs\/prodaja\/poslovni-prostori?pt=3\">radnom prostoru?<\/a> Lepo je \u0161to se svi vidite, lako komunicirate, ali\u2026 Telefoni koji neprekidno zvone, razgovori koji se pretvaraju u kakofoniju zvukova\u2026<\/p>\n<p>Kako izgleda kraj takvog radnog dana? Sa ko\u0161marom u glavi.<\/p>\n<h3>I ZA BUKU POSTOJI RE\u0160ENJE<\/h3>\n<p>Buka je ne\u0161to na \u0161ta moramo da se naviknemo. Izaziva\u010da je sve vi\u0161e. Ipak, postoji re\u0161enje kako da se u prostoru u kom \u017eivite ili u kom radite odbranite od buke.<\/p>\n<p>Savremeno ure\u0111enje \u017eivotnog i poslovnog prostora omogu\u0107ava da se buka, kao jedan od najve\u0107ih problema sada\u0161njice, umanji.<\/p>\n<p>Za to slu\u017ee <a href=\"https:\/\/www.zrenjaninski.com\/akusticni-paneli-idealno-resenje-za-komforan-prostor\/\">akusti\u010dni paneli.<\/a><\/p>\n<p>Akusti\u010dni paneli mogu se montirati na plafone ili zidove, dakle na povr\u0161ine kojima se ne hoda.<\/p>\n<p>Za po\u010detak utvrdite nivo buke koja treba da bude apsorbovana jer je najva\u017enije da paneli odgovaraju svojoj primeni i ulozi koja mo\u017ee biti vi\u0161estruka.<\/p>\n<p>Akusti\u010dni paneli kao re\u0161enje za smanjenje buke idealni su za otvoren <a href=\"http:\/\/www.stoloviistolice.com\/kancelarijski-namestaj-po-meri\/\">radni prostor,<\/a> kao i za prostore u kojima se ti\u0161ina podrazumeva: biblioteke, koncertne dvorane i konferencijske sale.<\/p>\n<p>Tako\u0111e, akusti\u010dni paneli dobro su re\u0161enje i za prostor u kom \u017eivite: sve \u010de\u0161\u0107e je \u017eivotni prostor i radni. Ako se dobro izaberu i postave, akusti\u010dni paneli omogu\u0107avaju da u prostoru u kom boravi vi\u0161e ljudi svima bude jednako prijatno i komforno<strong>.<\/strong><\/p>\n<p>Akusti\u010dni paneli imaju i estetsku funkciju a mogu biti napravljeni od najrazli\u010ditijih materijala.<\/p>\n<p>Buka vi\u0161e nije nere\u0161iv problem.<\/p>\n<p>Ukombinujte u svoj \u017eivotni i radni prostor akusti\u010dne panele i u\u010dinite ga komfornijim i lep\u0161im.<\/p>\n","protected":false},"excerpt":{"rendered":"<p>Buka je jedan od najve\u0107ih problema dana\u0161njice. Bu\u010dno je u prostoru u kom radimo, \u010desto je bu\u010dno i u prostoru u kom \u017eivimo. Dugotrajno izlaganje buci mo\u017ee da izazove niz problema, ali ono \u0161to je sigurno jeste da rad u bu\u010dnom prostoru smanjuje efikasnost i koncentraciju. Na sre\u0107u, problem mo\u017ee da se re\u0161i. Buka je [&hellip;]<\/p>\n","protected":false},"author":3,"featured_media":599,"comment_status":"closed","ping_status":"open","sticky":false,"template":"","format":"standard","meta":[],"categories":[1],"tags":[24,35,30],"_links":{"self":[{"href":"https:\/\/gsigma.rs\/blog\/wp-json\/wp\/v2\/posts\/598"}],"collection":[{"href":"https:\/\/gsigma.rs\/blog\/wp-json\/wp\/v2\/posts"}],"about":[{"href":"https:\/\/gsigma.rs\/blog\/wp-json\/wp\/v2\/types\/post"}],"author":[{"embeddable":true,"href":"https:\/\/gsigma.rs\/blog\/wp-json\/wp\/v2\/users\/3"}],"replies":[{"embeddable":true,"href":"https:\/\/gsigma.rs\/blog\/wp-json\/wp\/v2\/comments?post=598"}],"version-history":[{"count":1,"href":"https:\/\/gsigma.rs\/blog\/wp-json\/wp\/v2\/posts\/598\/revisions"}],"predecessor-version":[{"id":600,"href":"https:\/\/gsigma.rs\/blog\/wp-json\/wp\/v2\/posts\/598\/revisions\/600"}],"wp:featuredmedia":[{"embeddable":true,"href":"https:\/\/gsigma.rs\/blog\/wp-json\/wp\/v2\/media\/599"}],"wp:attachment":[{"href":"https:\/\/gsigma.rs\/blog\/wp-json\/wp\/v2\/media?parent=598"}],"wp:term":[{"taxonomy":"category","embeddable":true,"href":"https:\/\/gsigma.rs\/blog\/wp-json\/wp\/v2\/categories?post=598"},{"taxonomy":"post_tag","embeddable":true,"href":"https:\/\/gsigma.rs\/blog\/wp-json\/wp\/v2\/tags?post=598"}],"curies":[{"name":"wp","href":"https:\/\/api.w.org\/{rel}","templated":true}]}}