{"id":1746,"date":"2025-02-16T10:25:41","date_gmt":"2025-02-16T09:25:41","guid":{"rendered":"https:\/\/gsigma.rs\/blog\/?p=1746"},"modified":"2025-02-16T10:26:16","modified_gmt":"2025-02-16T09:26:16","slug":"vostani-serbije","status":"publish","type":"post","link":"https:\/\/gsigma.rs\/blog\/vostani-serbije\/","title":{"rendered":"Vostani Serbije"},"content":{"rendered":"\n<blockquote class=\"wp-block-quote\"><p>Zamalo je postala himna Srbije ali je izgubila u borbi sa &#8222;Bo\u017ee pravde&#8220;.<\/p><\/blockquote>\n\n\n\n<p>Kao da je \u010dekala neko svoje, pravo vreme.<\/p>\n\n\n\n<p>\u010cekala i do\u010dekala \u2013 \u201eVostani Serbije\u201c.<\/p>\n\n\n\n<p>Po nekoj kosmi\u010dkoj pravdi, ovakva je lepa, himni\u010dna pesma, ba\u0161 sada je trebalo da do\u017eivi svoju reinkarnaciju i po toj istoj pravdi njen je autor morao biti prosvetitelj Dositej Obradovi\u0107.<\/p>\n\n\n\n<p>Mnogi nisu ni znali da postoji ta lepa, himni\u010dna pesma, a sad su je otkrili, pa i nau\u010dili.<\/p>\n\n\n\n<p>\u201eVostani Serbije\u201c\u00a0Dositej Obradovi\u0107 napisao je pre 220 godina u Trstu. Tamo se sklonio posle svojih svetskih putovanja i lutanja i prema re\u010dima biografa, proveo \u010detiri lepe i spokojne godine.<\/p>\n\n\n\n<p>No, po izbijanju Prvog srpskog ustanka, osetio je, pi\u0161u dalje njegovi biografi, veliki nacionalni zanos i u slavu Kara\u0111or\u0111a i ustanika napisao stihove:<\/p>\n\n\n\n<p>Vostani, Serbije! Vostani, carice!<br>I daj \u010dadom tvojim videt tvoje lice!<br>Obrati serdca i o\u010desa na se,<br>I daj njima \u010duti slatke tvoje glase.<\/p>\n\n\n\n<p>Vostani, Serbije!<br>Davno si zaspala,<br>U mraku le\u017eala;<br>Sada se probudi,<br>I Serblje vozbudi.<\/p>\n\n\n\n<p>Ova se pesma ina\u010de zove budnica.<\/p>\n\n\n\n<p>Prve dve strofe Dositejeve budnice dobile su kasnije savremenu melodijsku obradu u aran\u017emanima trojice na\u0161ih kompozitora, Vartkesa Baronijana, Zlatana Vaude i Ljube Manasijevi\u0107a.<\/p>\n\n\n\n<p>Ovu koja se danas ori sa trgova komponovao je Varteks Baronijan.<\/p>\n\n\n\n<p>I sam Dositej nije mogao iz Trsta da gleda bu\u0111enje Srbije iz vi\u0161evekovnog turskog zuluma, pa se 1806. godine vratio u Srbiju sa svojim prosvetiteljskim idejama.<\/p>\n\n\n\n<p>Zaslu\u017ean za otvaranje prvog fakulteta u tek oslobo\u0111enoj Srbiji, 1808. godine, Dositej Obradovi\u0107 je sinonim za\u00a0 prosve\u0107enost, u\u010denost, obrazovanje.<\/p>\n\n\n\n<p>Pozvao je na u\u010denje na prvom fakultetu ne samo one koji ve\u0107 znaju pomalo da \u010ditaju i pi\u0161u nego sve kojima je obrazovanje na srcu.<\/p>\n\n\n\n<p>Poru\u010divao je &#8222;Knjige, bra\u0107o moja, knjige a ne zvona i praporce. One vojuju i pobje\u017edavaju&#8220;.<\/p>\n\n\n\n<p>I ba\u0161 kad zaboravimo koliko je u\u010dinio za svoj narod veliki \u010dovek i prosvetitelj Dositej Obradovi\u0107, dogodi se ne\u0161to da ga se setimo i zauvek pamtimo.<\/p>\n","protected":false},"excerpt":{"rendered":"<p>Zamalo je postala himna Srbije ali je izgubila u borbi sa &#8222;Bo\u017ee pravde&#8220;. Kao da je \u010dekala neko svoje, pravo vreme. \u010cekala i do\u010dekala \u2013 \u201eVostani Serbije\u201c. Po nekoj kosmi\u010dkoj pravdi, ovakva je lepa, himni\u010dna pesma, ba\u0161 sada je trebalo da do\u017eivi svoju reinkarnaciju i po toj istoj pravdi njen je autor morao biti prosvetitelj [&hellip;]<\/p>\n","protected":false},"author":3,"featured_media":1747,"comment_status":"closed","ping_status":"open","sticky":false,"template":"","format":"standard","meta":[],"categories":[1],"tags":[22,47],"_links":{"self":[{"href":"https:\/\/gsigma.rs\/blog\/wp-json\/wp\/v2\/posts\/1746"}],"collection":[{"href":"https:\/\/gsigma.rs\/blog\/wp-json\/wp\/v2\/posts"}],"about":[{"href":"https:\/\/gsigma.rs\/blog\/wp-json\/wp\/v2\/types\/post"}],"author":[{"embeddable":true,"href":"https:\/\/gsigma.rs\/blog\/wp-json\/wp\/v2\/users\/3"}],"replies":[{"embeddable":true,"href":"https:\/\/gsigma.rs\/blog\/wp-json\/wp\/v2\/comments?post=1746"}],"version-history":[{"count":2,"href":"https:\/\/gsigma.rs\/blog\/wp-json\/wp\/v2\/posts\/1746\/revisions"}],"predecessor-version":[{"id":1749,"href":"https:\/\/gsigma.rs\/blog\/wp-json\/wp\/v2\/posts\/1746\/revisions\/1749"}],"wp:featuredmedia":[{"embeddable":true,"href":"https:\/\/gsigma.rs\/blog\/wp-json\/wp\/v2\/media\/1747"}],"wp:attachment":[{"href":"https:\/\/gsigma.rs\/blog\/wp-json\/wp\/v2\/media?parent=1746"}],"wp:term":[{"taxonomy":"category","embeddable":true,"href":"https:\/\/gsigma.rs\/blog\/wp-json\/wp\/v2\/categories?post=1746"},{"taxonomy":"post_tag","embeddable":true,"href":"https:\/\/gsigma.rs\/blog\/wp-json\/wp\/v2\/tags?post=1746"}],"curies":[{"name":"wp","href":"https:\/\/api.w.org\/{rel}","templated":true}]}}