{"id":1629,"date":"2024-01-28T12:27:54","date_gmt":"2024-01-28T11:27:54","guid":{"rendered":"https:\/\/gsigma.rs\/blog\/?p=1629"},"modified":"2024-01-28T12:27:55","modified_gmt":"2024-01-28T11:27:55","slug":"nebriga-o-graditeljskom-nasledju-i-ko-ce-grad-da-stiti-od-drzave","status":"publish","type":"post","link":"https:\/\/gsigma.rs\/blog\/nebriga-o-graditeljskom-nasledju-i-ko-ce-grad-da-stiti-od-drzave\/","title":{"rendered":"Nebriga o graditeljskom nasle\u0111u i ko \u0107e grad da \u0161titi od dr\u017eave"},"content":{"rendered":"\n<blockquote class=\"wp-block-quote\"><p>Da li \u0107e Zrenjanin postati talac svoje graditeljske ba\u0161tine i lepote?<\/p><\/blockquote>\n\n\n\n<p>Da li \u0107e ogra\u0111ivanje komunalnim trakama postati svakodnevnica?<\/p>\n\n\n\n<p>Sude\u0107i prema tome kako izgleda naju\u017ei centar grada, nije isklju\u010deno.<\/p>\n\n\n\n<p>Poslednji slu\u010daj obru\u0161avanja dela fasade, koji je ugrozio bezbednost pe\u0161aka, dogodio se po\u010detkom godine na delu trotoara kod jedne od najlep\u0161ih zgrada u Zrenjaninu, nekada\u0161nje Palate srpske \u0161tedionice.<\/p>\n\n\n\n<p>Ova je zgrada progla\u0161ena za spomenik kulture i nalazi se pod za\u0161titom dr\u017eave. Izgra\u0111ena je 1899. godine, a projekat je uradio \u010duveni arhitekta tog vremena Milan Tabakovi\u0107. Gra\u0111ena je u stilu istoricizma.<\/p>\n\n\n\n<p>Nekada lepotica, danas u prili\u010dno lo\u0161em stanju. Poslednji radovi na njoj ra\u0111eni su pre vi\u0161e od dve decenije i iako je tada najavljeno da \u0107e se radovi na sanaciji nastaviti, to se nije dogodilo.<\/p>\n\n\n\n<p>Kao i kod mnogih drugih gra\u0111evina koje se nalaze pod za\u0161titom dr\u017eave kao kulturno dobro, i kod ove su problem imovinsko \u2013 pravni odnosi.<\/p>\n\n\n\n<p>Me\u0161ovito vlasni\u0161tvo, nezainteresovani vlasnici a jo\u0161 manje zainteresovani nadle\u017eni organi, sudski sporovi koji traju unedogled, sve to dovelo je do toga da se zgrade iz vremena Marije Terezije, kulturno dobro i turisti\u010dka dika (na papiru) Zrenjanina nalaze u vrlo lo\u0161em stanju a da se na njima apsolutno ni\u0161ta ne radi.<\/p>\n\n\n\n<p>Toliko je paradoksalno da javnost vrlo \u010desto komentari\u0161e, ne daj Bo\u017ee da ne\u0161to stave pod za\u0161titu, to mora da se sru\u0161i.<\/p>\n\n\n\n<p>Umesto da bude u turisti\u010dkim bedekerima, graditeljsko nasle\u0111e ome\u0111eno je bezbednosim trakama da neko ne nastrada.<\/p>\n\n\n\n<p>Istovremeno se i spolja i unutra uru\u0161ava dok se potpuno ne sru\u0161i.<\/p>\n\n\n\n<p>Pisano je i pisano o Daunovoj palati u centru Zrenjanina, oko koje se vodi sudski spor skoro deset godina, o Pinovoj vili koja je potpuno devastirana a i sama je predmet spora\u2026<\/p>\n\n\n\n<p>Filkovi\u0107eva ku\u0107a u centru Zrenjanina ba\u0161 zbog tih imovinskih odnosa sru\u0161ena je do temelja i ve\u0107 deceniju umesto ku\u0107e stoji prazan plac, Benceova fabrika name\u0161taja kod parkinga na Prevlaci izgleda kao prizor iz ratnih sukoba a Sandi\u0107eva ku\u0107a obrasla \u0161umom podse\u0107a na na\u0161e ne\u010dinjenje dugo maltene pola veka.<\/p>\n\n\n\n<p>U veoma lo\u0161em stanju nalazi se \u010ditav deo glavne ulice od prodavnice Tref prema Trgu dr Zorana \u0110in\u0111i\u0107a, desna strana.<\/p>\n\n\n\n<p>Ovo su najdrasti\u010dniji primeri a samo je malo bolja situacija sa ve\u0107inom zgrada u centru Zrenjanina.<\/p>\n\n\n\n<p>Pre nekoliko godina Gradska uprava donela je odluku o sre\u0111ivanju zgrada koje su u nekom obliku za\u0161tite a vlasni\u0161tvo je me\u0161ovito. Prema toj odluci, koja do danas nije primenjena, grad bi finansirao radove a onda se napla\u0107ivao od vlasnika.<\/p>\n\n\n\n<p>\u0160ta \u0107e ostati od vrednog graditeljskog nasle\u0111a za koju godinu, ako se ovako nastavi, veliko je pitanje. Neko je nama ostavio a \u0161ta \u0107emo ostaviti mi.<\/p>\n","protected":false},"excerpt":{"rendered":"<p>Da li \u0107e Zrenjanin postati talac svoje graditeljske ba\u0161tine i lepote? Da li \u0107e ogra\u0111ivanje komunalnim trakama postati svakodnevnica? Sude\u0107i prema tome kako izgleda naju\u017ei centar grada, nije isklju\u010deno. Poslednji slu\u010daj obru\u0161avanja dela fasade, koji je ugrozio bezbednost pe\u0161aka, dogodio se po\u010detkom godine na delu trotoara kod jedne od najlep\u0161ih zgrada u Zrenjaninu, nekada\u0161nje Palate [&hellip;]<\/p>\n","protected":false},"author":3,"featured_media":1630,"comment_status":"closed","ping_status":"open","sticky":false,"template":"","format":"standard","meta":[],"categories":[1],"tags":[22,21,36],"_links":{"self":[{"href":"https:\/\/gsigma.rs\/blog\/wp-json\/wp\/v2\/posts\/1629"}],"collection":[{"href":"https:\/\/gsigma.rs\/blog\/wp-json\/wp\/v2\/posts"}],"about":[{"href":"https:\/\/gsigma.rs\/blog\/wp-json\/wp\/v2\/types\/post"}],"author":[{"embeddable":true,"href":"https:\/\/gsigma.rs\/blog\/wp-json\/wp\/v2\/users\/3"}],"replies":[{"embeddable":true,"href":"https:\/\/gsigma.rs\/blog\/wp-json\/wp\/v2\/comments?post=1629"}],"version-history":[{"count":1,"href":"https:\/\/gsigma.rs\/blog\/wp-json\/wp\/v2\/posts\/1629\/revisions"}],"predecessor-version":[{"id":1631,"href":"https:\/\/gsigma.rs\/blog\/wp-json\/wp\/v2\/posts\/1629\/revisions\/1631"}],"wp:featuredmedia":[{"embeddable":true,"href":"https:\/\/gsigma.rs\/blog\/wp-json\/wp\/v2\/media\/1630"}],"wp:attachment":[{"href":"https:\/\/gsigma.rs\/blog\/wp-json\/wp\/v2\/media?parent=1629"}],"wp:term":[{"taxonomy":"category","embeddable":true,"href":"https:\/\/gsigma.rs\/blog\/wp-json\/wp\/v2\/categories?post=1629"},{"taxonomy":"post_tag","embeddable":true,"href":"https:\/\/gsigma.rs\/blog\/wp-json\/wp\/v2\/tags?post=1629"}],"curies":[{"name":"wp","href":"https:\/\/api.w.org\/{rel}","templated":true}]}}