{"id":1333,"date":"2021-11-06T21:40:29","date_gmt":"2021-11-06T20:40:29","guid":{"rendered":"http:\/\/gsigma.rs\/blog\/?p=1333"},"modified":"2021-11-06T21:40:29","modified_gmt":"2021-11-06T20:40:29","slug":"od-mosorina-do-venecije","status":"publish","type":"post","link":"https:\/\/gsigma.rs\/blog\/od-mosorina-do-venecije\/","title":{"rendered":"OD MO\u0160ORINA DO VENECIJE"},"content":{"rendered":"\n<blockquote class=\"wp-block-quote\"><p>Dragana Koji\u010di\u0107, arhitektkinja iz Zrenjanina, kao deo beogradskog arhitektonskog studija \u201cMADA\u201d, predstavila je svoj rad na 17. Bijenalu arhitekture u Veneciji.<\/p><\/blockquote>\n\n\n\n<p>Tema Bijenala, koji je otvoren do 21. novembra a koju su predstavili predsednik Paolo Barata i kustos Ha\u0161im Sarkis je \u201eKako \u0107emo \u017eiveti zajedno\u201c.<\/p>\n\n\n\n<p>Zanimljivo je da je \u201cMADA\u201d svoj rad predstavila u okviru Ma\u0111arskog paviljona.&nbsp;<\/p>\n\n\n\n<p>Sa dvojicom zrenjaninskih kolega sam radila predlog za Srpski paviljon na Bijenalu, ali na\u0161 predlog nije prihva\u0107en. Ipak, ubrzo nakon toga, sti\u017ee poziv iz arhitektonskog studija \u201eMADA\u201c da se priklju\u010dim u realizaciji njihove projektne ideje za Ma\u0111arski paviljon za isto Bijenale, ka\u017ee Dragana Koji\u010di\u0107.<\/p>\n\n\n\n<p>\u201eLudvig Muzej \u2013 Muzej savremene umetnosti\u201c iz Budimpe\u0161te za Ma\u0111arski paviljon odabrao je temu \u201eOthernity. Reconditioning Our Modern Heritage\u201c i pozvao dvanaest mladih arhitektonskih biroa iz Centralne i Isto\u010dne Evrope da ponovo promisle dvanaest \u010duvenih modernih zgrada u Budimpe\u0161ti.<\/p>\n\n\n\n<p>Arhitektonski studio \u201eMADA\u201c iz Beograda \u010dine trojica arhitekata &#8211; Nikola Andonov, Aleksandar Ristovi\u0107 i Stefan Stojanovi\u0107. Iako mladi, iza sebe imaju veliki broj projekata i mnoga priznanja i nagrade.<\/p>\n\n\n\n<p>Zadatak koji su dobili za Ma\u0111arski paviljon bio je predlog konzervacije gradskog centra Kelenfold, izgra\u0111enog 1973-1979. godine. \u201cMADA\u201d projekat naziva \u201e1.250.000 m3\u201c, zbog su\u0161tinskog pitanja koje u svom radu postavljaju: \u201eKako se mo\u017ee sa\u010duvati 1.250.000 kubnih metara praznine?\u201d nastavlja Dragana Koji\u010di\u0107 i dodaje:<\/p>\n\n\n\n<p>Kako bi se izveo ovaj model, pozvali su nas iz udru\u017eenja \u201eKlub finih zanata\u201c iz Mo\u0161orina da o tome zajedno promislimo. Na\u0161e udru\u017eenje se ve\u0107 11 godina bavi promocijom zemljane arhitekture, organizuju\u0107i razne teorijske i prakti\u010dne obuke, radionice i festivale. Ipak, do sada nismo imali iskustva sa pravljenjem ovakve vrste instalacije, te se pred nama na\u0161ao veliki izazov.<\/p>\n\n\n\n<p>\u201cMADA\u201d arhitekte predla\u017eu \u201estub\u201c od zemlje, dva metra visok, sastavljen od 10 cilindara.<\/p>\n\n\n\n<p>Taj stub smo, da bi bio lak\u0161i, radili od me\u0161avine zemlje i slame, a potom omalterisali malterom sa narand\u017eastim oksidnim pigmentom. Ove cilindre smo poslali za Budimpe\u0161tu, odakle su poslati za Veneciju, ka\u017ee Dragana. Nepe\u010dena zemlja se, kao materijal, zaista retko pojavljuje na Bijenalu i to tek poslednjih par godina i veoma smo ponosni \u0161to je ovaj, glavni element Panonske nizije, prisutan na ovom presti\u017enom doga\u0111aju, isti\u010de Dragana Koji\u010di\u0107.<\/p>\n\n\n\n<p>Dragana Koji\u010di\u0107 poznata je javnosti kao specijalista za zemljanu arhitekturu.<\/p>\n\n\n\n<p>U Mo\u0161orinu ve\u0107 godinama, na \u010delu sa Draganom, aktivno radi \u201cKlub finih zanata\u201d.<\/p>\n\n\n\n<p>Kroz rad u radionicama,\u00a0organizovanje LALA Earthland festivala, stru\u010dne konferencije i seminare, \u201cKlub finih zanata\u201d afirmi\u0161e zemljanu arhitekturu.<\/p>\n","protected":false},"excerpt":{"rendered":"<p>Dragana Koji\u010di\u0107, arhitektkinja iz Zrenjanina, kao deo beogradskog arhitektonskog studija \u201cMADA\u201d, predstavila je svoj rad na 17. Bijenalu arhitekture u Veneciji. Tema Bijenala, koji je otvoren do 21. novembra a koju su predstavili predsednik Paolo Barata i kustos Ha\u0161im Sarkis je \u201eKako \u0107emo \u017eiveti zajedno\u201c. Zanimljivo je da je \u201cMADA\u201d svoj rad predstavila u okviru [&hellip;]<\/p>\n","protected":false},"author":3,"featured_media":1334,"comment_status":"closed","ping_status":"open","sticky":false,"template":"","format":"standard","meta":[],"categories":[1],"tags":[21,29,47],"_links":{"self":[{"href":"https:\/\/gsigma.rs\/blog\/wp-json\/wp\/v2\/posts\/1333"}],"collection":[{"href":"https:\/\/gsigma.rs\/blog\/wp-json\/wp\/v2\/posts"}],"about":[{"href":"https:\/\/gsigma.rs\/blog\/wp-json\/wp\/v2\/types\/post"}],"author":[{"embeddable":true,"href":"https:\/\/gsigma.rs\/blog\/wp-json\/wp\/v2\/users\/3"}],"replies":[{"embeddable":true,"href":"https:\/\/gsigma.rs\/blog\/wp-json\/wp\/v2\/comments?post=1333"}],"version-history":[{"count":1,"href":"https:\/\/gsigma.rs\/blog\/wp-json\/wp\/v2\/posts\/1333\/revisions"}],"predecessor-version":[{"id":1335,"href":"https:\/\/gsigma.rs\/blog\/wp-json\/wp\/v2\/posts\/1333\/revisions\/1335"}],"wp:featuredmedia":[{"embeddable":true,"href":"https:\/\/gsigma.rs\/blog\/wp-json\/wp\/v2\/media\/1334"}],"wp:attachment":[{"href":"https:\/\/gsigma.rs\/blog\/wp-json\/wp\/v2\/media?parent=1333"}],"wp:term":[{"taxonomy":"category","embeddable":true,"href":"https:\/\/gsigma.rs\/blog\/wp-json\/wp\/v2\/categories?post=1333"},{"taxonomy":"post_tag","embeddable":true,"href":"https:\/\/gsigma.rs\/blog\/wp-json\/wp\/v2\/tags?post=1333"}],"curies":[{"name":"wp","href":"https:\/\/api.w.org\/{rel}","templated":true}]}}