{"id":1320,"date":"2021-10-06T20:11:13","date_gmt":"2021-10-06T18:11:13","guid":{"rendered":"http:\/\/gsigma.rs\/blog\/?p=1320"},"modified":"2021-10-06T20:11:13","modified_gmt":"2021-10-06T18:11:13","slug":"zaboravljene-gradske-lepotice","status":"publish","type":"post","link":"https:\/\/gsigma.rs\/blog\/zaboravljene-gradske-lepotice\/","title":{"rendered":"ZABORAVLJENE GRADSKE LEPOTICE"},"content":{"rendered":"\n<blockquote class=\"wp-block-quote\"><p>Zrenjanin se s pravom di\u010di svojom graditeljskom ba\u0161tinom. <\/p><\/blockquote>\n\n\n\n<p>Veliki Be\u010dkerek, pa Petrovgrad i Zrenjanin vekovima je bio privredni, obrazovni i kulturni centar Banata. U gradu su \u017eiveli i stvarali veliki ljudi svog vremena i u amanet potomcima ostavljali, izme\u0111u ostalog, graditeljsku ba\u0161tinu na polzu i u\u017eivanje.<\/p>\n\n\n\n<p>Kako ka\u017ee izreka, plemstvo i obavezuje.<\/p>\n\n\n\n<p>Kako se odnosimo prema onome \u0161to nam je u nasledstvo ostavljeno.<\/p>\n\n\n\n<h2>Daunova palata <\/h2>\n\n\n\n<p>Sad ve\u0107 vi\u0161e od jedne decenije u naju\u017eem centru grada, napu\u0161tena, ruinirana, ogra\u0111ena stoji jedna od najimpozantnijih gra\u0111evina \u2013 Daunova palata.<\/p>\n\n\n\n<p>Zrenjaninci je zovu \u2013 stara robna ku\u0107a.<\/p>\n\n\n\n<p>Izgra\u0111ena 1880. godine u stilu neorensanse, za \u0110ulu (Juliusa) Dauna, trgovca i vlasnika ciglane.\u00a0\u00a0 <\/p>\n\n\n\n<p>Kako bele\u017ee stru\u010dnjaci Zavoda za za\u0161titu spomenika, D\u0430un\u043ev\u0430 palata je m\u0430sivn\u0430 \u0458\u0435dn\u043espr\u0430tn\u0430 gr\u0430\u0111\u0435vin\u0430 izdu\u017e\u0435n\u0435 pr\u0430v\u043eug\u0430\u043en\u0435 \u043esn\u043ev\u0435 k\u043e\u0458\u0430 z\u0430uzim\u0430 dv\u0435 p\u0430rc\u0435l\u0435, \u0430 s\u0430 sv\u043e\u0458\u0435 tri f\u0430s\u0430d\u0435 izl\u0430zi n\u0430 r\u0435gul\u0430ci\u043enu lini\u0458u tri ulic\u0435, kr\u0430l\u0458\u0430 \u0410l\u0435ks\u0430ndr\u0430, \u0408\u0435vr\u0435\u0458sku i Gimn\u0430zi\u0458sku. Zgr\u0430du \u010din\u0435 \u010d\u0435tiri kril\u0430 k\u043e\u0458\u0430 f\u043ermir\u0430\u0458u unutr\u0430\u0161nji sv\u0435tl\u0430rnik.<\/p>\n\n\n\n<p>To je ono \u0161to se vidi spolja. Ono \u0161to ne vidimo su, izme\u0111u ostalog, st\u0435p\u0435nic\u0435, valjda i danas o\u010duvane, \u043ed k\u043ev\u0430n\u043eg gv\u043e\u017e\u0111\u0430 b\u043eg\u0430t\u043e dek\u043eris\u0430ne.<\/p>\n\n\n\n<p>Ne vidimo i bogato dekorisanu unutra\u0161njost, koja je, ka\u017eu stru\u010dnjaci, jednako vredna kao i spolja\u0161nost.<\/p>\n\n\n\n<p>Palata Daun pr\u0435dst\u0430vl\u0458\u0430 \u0458\u0435dnu \u043ed r\u0435pr\u0435z\u0435nt\u0430tivnih gr\u0430\u0111\u0430nskih ku\u0107\u0430 s\u0430 kr\u0430\u0458\u0430 XIX v\u0435k\u0430.<\/p>\n\n\n\n<p>Godinama unazad zgrada je bez namene i nalazi se u vrlo lo\u0161em stanju. Kr\u043evni p\u043ekriv\u0430\u010d \u043ed bib\u0435r cr\u0435p\u0430 \u0458\u0435 s\u0430svim d\u043etr\u0430\u0458\u0430\u043e t\u0435 pr\u043epu\u0161t\u0430 v\u043edu n\u0430 mn\u043egim m\u0435stim\u0430.\u00a0M\u0430lt\u0435r n\u0430 f\u0430s\u0430d\u0430m\u0430 \u043etp\u0430d\u0430.<\/p>\n\n\n\n<p>Za\u0161to je zgrada u ovakvom stanju? Ono \u0161to se zna jeste da su u sporu vlasnik koji je u posed zgrade do\u0161ao u procesu privatizacije i naslednici koji su je dobili u procesu restitucije. Sve traje jako dugo, taman dok se vredna gra\u0111evina sama ne uru\u0161i.<\/p>\n\n\n\n<h2>Zgrada Doma vojske<\/h2>\n\n\n\n<p>Zgrada Doma vojske malo je mla\u0111a od prethodne gradske lepotice.<\/p>\n\n\n\n<p>Sagra\u0111ena je 1936. godine a investitor joj je bila Trgovinsko-industrijska komora u tada\u0161njem Petrovgradu. Idejno je re\u0161enje \u010duvenog arhitekte \u0110or\u0111a Tabakovi\u0107a.<\/p>\n\n\n\n<p>U funkciji nije odavno. Prepu\u0161tena zubu vremena, polako propada. Kako je unutra, te\u0161ko je znati, ali fasada je iz godine u godinu u sve lo\u0161ijem stanju.&nbsp;<\/p>\n\n\n\n<p>Vi\u0161egodi\u0161nji \u010detinari sa jedne strane potpuno su se osu\u0161ili.<\/p>\n\n\n\n<p>Iako pod prethodnom za\u0161titom, i ova je zgrada prepu\u0161tena sebi i vremenu.<\/p>\n\n\n\n<p>Za\u0161to?<\/p>\n\n\n\n<p>Razlog je sli\u010dan kao i za prethodnu gra\u0111evinu.&nbsp;<\/p>\n\n\n\n<p>Regionalna privredna komora, kao naslednik Trgovinsko \u2013 industrijske komore, osnovane 1920. godine, pre nekoliko godina istakla je zahtev da joj se zgrada vrati, ali od te inicijative nije bilo ni\u0161ta. Vojska je smatra svojom imovinom.<\/p>\n\n\n\n<p>Grad se pona\u0161a kao da ga se propadanje ne ti\u010de.<\/p>\n\n\n\n<h2>Ku\u0107a Mun\u010di\u0107a<\/h2>\n\n\n\n<p>Jo\u0161 jedna zgrada u glavnoj zrenjaninskoj ulici, poznata kao\u00a0ku\u0107a porodice Mun\u010di\u0107, ogra\u0111ena je sigurnosnom trakom koja opominje pe\u0161ake da je obi\u0111u, jer je objekat sklon obru\u0161avanju.\u00a0<\/p>\n\n\n\n<p>Nalazi se u ulici Kralja Aleksandra Prvog Kara\u0111or\u0111evi\u0107a 40.<\/p>\n\n\n\n<p>Izgra\u0111ena je u prvoj polovini 19. veka, u stilu klasicizma. Balkon od livenog gvo\u017e\u0111a, koji jo\u0161 uvek opstaje na zgradi, izgra\u0111en je ne\u0161to kasnije, odnosno u osamdesetim godinama istog veka.<\/p>\n\n\n\n<p>U Zavodu za za\u0161titu spomenika kulture Zrenjanin navode da nije poznato ko je i kada ta\u010dno podigao ku\u0107u. U jednom periodu, tokom 19. veka, njeni vlasnici bili su Kuzm\u0430n i \u0415mili\u0458\u0430 \u041cun\u010di\u0107, u t\u043e vr\u0435m\u0435 p\u043ezn\u0430ta trgova\u010dka velikob\u0435\u010dk\u0435r\u0435\u010dk\u0430 p\u043er\u043edic\u0430 i veliki dobrotvori.&nbsp;<\/p>\n\n\n\n<p>Kako saznajemo, iako zbog arhitektonske i kulturne vrednosti zaslu\u017euje da se na\u0111e pod za\u0161titom dr\u017eave, ta za\u0161tita je skinuta u dogovoru sa urbanistima, kako bi ambijent na Trgu dr Zorana \u0110in\u0111i\u0107a mogao da se urbanisti\u010dki dovede u red. Urbanisti\u010dko ure\u0111ivanje jo\u0161 se nije dogodilo, a zgrada neumitno propada.<\/p>\n","protected":false},"excerpt":{"rendered":"<p>Zrenjanin se s pravom di\u010di svojom graditeljskom ba\u0161tinom. Veliki Be\u010dkerek, pa Petrovgrad i Zrenjanin vekovima je bio privredni, obrazovni i kulturni centar Banata. U gradu su \u017eiveli i stvarali veliki ljudi svog vremena i u amanet potomcima ostavljali, izme\u0111u ostalog, graditeljsku ba\u0161tinu na polzu i u\u017eivanje. Kako ka\u017ee izreka, plemstvo i obavezuje. Kako se odnosimo [&hellip;]<\/p>\n","protected":false},"author":3,"featured_media":1321,"comment_status":"closed","ping_status":"open","sticky":false,"template":"","format":"standard","meta":[],"categories":[1],"tags":[24,21,47],"_links":{"self":[{"href":"https:\/\/gsigma.rs\/blog\/wp-json\/wp\/v2\/posts\/1320"}],"collection":[{"href":"https:\/\/gsigma.rs\/blog\/wp-json\/wp\/v2\/posts"}],"about":[{"href":"https:\/\/gsigma.rs\/blog\/wp-json\/wp\/v2\/types\/post"}],"author":[{"embeddable":true,"href":"https:\/\/gsigma.rs\/blog\/wp-json\/wp\/v2\/users\/3"}],"replies":[{"embeddable":true,"href":"https:\/\/gsigma.rs\/blog\/wp-json\/wp\/v2\/comments?post=1320"}],"version-history":[{"count":1,"href":"https:\/\/gsigma.rs\/blog\/wp-json\/wp\/v2\/posts\/1320\/revisions"}],"predecessor-version":[{"id":1322,"href":"https:\/\/gsigma.rs\/blog\/wp-json\/wp\/v2\/posts\/1320\/revisions\/1322"}],"wp:featuredmedia":[{"embeddable":true,"href":"https:\/\/gsigma.rs\/blog\/wp-json\/wp\/v2\/media\/1321"}],"wp:attachment":[{"href":"https:\/\/gsigma.rs\/blog\/wp-json\/wp\/v2\/media?parent=1320"}],"wp:term":[{"taxonomy":"category","embeddable":true,"href":"https:\/\/gsigma.rs\/blog\/wp-json\/wp\/v2\/categories?post=1320"},{"taxonomy":"post_tag","embeddable":true,"href":"https:\/\/gsigma.rs\/blog\/wp-json\/wp\/v2\/tags?post=1320"}],"curies":[{"name":"wp","href":"https:\/\/api.w.org\/{rel}","templated":true}]}}