{"id":1282,"date":"2021-06-19T11:31:38","date_gmt":"2021-06-19T09:31:38","guid":{"rendered":"http:\/\/gsigma.rs\/blog\/?p=1282"},"modified":"2021-06-19T11:31:39","modified_gmt":"2021-06-19T09:31:39","slug":"motel-sumice-pitanje-vlasnistva-decenijski-problem","status":"publish","type":"post","link":"https:\/\/gsigma.rs\/blog\/motel-sumice-pitanje-vlasnistva-decenijski-problem\/","title":{"rendered":"Motel \u0160umice \u2013 pitanje vlasni\u0161tva decenijski problem"},"content":{"rendered":"\n<blockquote class=\"wp-block-quote\"><p>Mnogi gradovi voleli bi da imaju izleti\u0161te nadomak grada, kao \u0161to je to zrenjaninsko izleti\u0161te Motel \u0160umice.<\/p><\/blockquote>\n\n\n\n<p>Izleti\u0161te do kog se brzo i lako sti\u017ee, oaza zelenila i mira, idealno za piknike, sportska de\u0161avanja, omiljeno mesto generacija Zrenjaninaca za prvomajske uranke&#8230;<\/p>\n\n\n\n<p>Do pre deceniju mesto za ve\u010dernje izlaske u jednom od boljih restorana u gradu, mesto za lepa ven\u010danja i proslave.<\/p>\n\n\n\n<p>Zelene povr\u0161ine se, istina, redovno odr\u017eavaju, sportski tereni su u funkciji, pa je prosto neverovatno da se dozvolilo da uru\u0161ena zgrada restorana koji je imao i sobe za preno\u0107i\u0161te vi\u0161e od decenije i po kvari sliku.<\/p>\n\n\n\n<p>Jer, nekada ugledni restoran danas je razru\u0161en, devastiran, a delimi\u010dno i spaljen.<\/p>\n\n\n\n<h2>Po\u010detak iz bajke<\/h2>\n\n\n\n<p>Nekada davno, dok izleti\u0161e nije postalo ostrvo, dok je pored motela tekao Begej, Zrenjanincima je to bilo jedno od najomiljenijih kupali\u0161ta.<\/p>\n\n\n\n<p>Onda je, dok je njime upravljao \u201cSM turist\u201d, postojao plan da se od ogromnog prostora napravi kompleks zelenila, bazena, mesta za velike doga\u0111aje, koncerte\u2026<\/p>\n\n\n\n<p>Onda je do\u0161la privatizacija.<\/p>\n\n\n\n<p>Neuspela, ni prva, ni poslednja.<\/p>\n\n\n\n<p>Pa je desetak godina izleti\u0161te bilo zapu\u0161teno.<\/p>\n\n\n\n<p>Onda se neko setio da je to ipak greh, pa se krenulo u re\u0161avanje vlasni\u0161tva.<\/p>\n\n\n\n<p>Prva najava gradskih vlasti, 2016. godine, bila je da \u0107e se imovinsko-pravni odnosi re\u0161iti.<\/p>\n\n\n\n<p>Ni\u0161ta se nije desilo.<\/p>\n\n\n\n<p>Posle nekoliko takvih najava, Gradsko ve\u0107e je po\u010detkom 2019. godine donelo odluku da se pokrene postupak u kom bi Grad Zrenjanin postao vlasnik nepokretnosti, kako mu je zvani\u010dan naziv, Sportsko \u2013 rekreativnog centra\u00a0Motel \u0160umice.\u00a0<\/p>\n\n\n\n<p>Prvi korak je trebalo da bude da se bez naknade od Republi\u010dke direkcije za imovinu, koja je vlasnik, pribavi nepokretnost. Kad postane formalni vlasnik grad bi u objekat mogao i da investira.<\/p>\n\n\n\n<p>Navodno je po\u010detkom 2019. i podnet zahtev Republi\u010dkoj direkciji za imovinu za pribavljanje nepokretnosti. Dozvolu je trebalo da da i Vlada Srbije.&nbsp;<\/p>\n\n\n\n<p>U trenutku podno\u0161enja zahteva nije se znala ni vrednost nepokretnosti.<\/p>\n\n\n\n<p>Od tada je pro\u0161lo skoro dve i po godine.<\/p>\n\n\n\n<p>Zgrada popularnog motela i danas je u istom stanju u kakvom je bila pre desetak godina.<\/p>\n\n\n\n<p>Gde je zapelo, za\u0161to se ovo izleti\u0161te, ina\u010de ucrtano na mnogobrojne turisti\u010dke mape, ne uredi do kraja, nije jasno.<\/p>\n\n\n\n<p>Tek, Zrenjaninci ga i dalje vole i dalje ga pose\u0107uju jer je zaista nedirnuta oaza zelenila vrlo blizu grada, kojih nema mnogo.<\/p>\n\n\n\n<p>Jedino \u0161to, kad krenu u \u0161etnju ili na izlet, sve \u0161to im je potrebno moraju da ponesu sa sobom.<\/p>\n\n\n\n<p>Na izleti\u0161tu, naime, nemaju mogu\u0107nosti da kupe ni fla\u0161icu vode.<\/p>\n","protected":false},"excerpt":{"rendered":"<p>Mnogi gradovi voleli bi da imaju izleti\u0161te nadomak grada, kao \u0161to je to zrenjaninsko izleti\u0161te Motel \u0160umice. Izleti\u0161te do kog se brzo i lako sti\u017ee, oaza zelenila i mira, idealno za piknike, sportska de\u0161avanja, omiljeno mesto generacija Zrenjaninaca za prvomajske uranke&#8230; Do pre deceniju mesto za ve\u010dernje izlaske u jednom od boljih restorana u gradu, [&hellip;]<\/p>\n","protected":false},"author":3,"featured_media":1283,"comment_status":"closed","ping_status":"open","sticky":false,"template":"","format":"standard","meta":[],"categories":[1],"tags":[21,29],"_links":{"self":[{"href":"https:\/\/gsigma.rs\/blog\/wp-json\/wp\/v2\/posts\/1282"}],"collection":[{"href":"https:\/\/gsigma.rs\/blog\/wp-json\/wp\/v2\/posts"}],"about":[{"href":"https:\/\/gsigma.rs\/blog\/wp-json\/wp\/v2\/types\/post"}],"author":[{"embeddable":true,"href":"https:\/\/gsigma.rs\/blog\/wp-json\/wp\/v2\/users\/3"}],"replies":[{"embeddable":true,"href":"https:\/\/gsigma.rs\/blog\/wp-json\/wp\/v2\/comments?post=1282"}],"version-history":[{"count":1,"href":"https:\/\/gsigma.rs\/blog\/wp-json\/wp\/v2\/posts\/1282\/revisions"}],"predecessor-version":[{"id":1284,"href":"https:\/\/gsigma.rs\/blog\/wp-json\/wp\/v2\/posts\/1282\/revisions\/1284"}],"wp:featuredmedia":[{"embeddable":true,"href":"https:\/\/gsigma.rs\/blog\/wp-json\/wp\/v2\/media\/1283"}],"wp:attachment":[{"href":"https:\/\/gsigma.rs\/blog\/wp-json\/wp\/v2\/media?parent=1282"}],"wp:term":[{"taxonomy":"category","embeddable":true,"href":"https:\/\/gsigma.rs\/blog\/wp-json\/wp\/v2\/categories?post=1282"},{"taxonomy":"post_tag","embeddable":true,"href":"https:\/\/gsigma.rs\/blog\/wp-json\/wp\/v2\/tags?post=1282"}],"curies":[{"name":"wp","href":"https:\/\/api.w.org\/{rel}","templated":true}]}}