{"id":1095,"date":"2020-04-20T14:38:08","date_gmt":"2020-04-20T12:38:08","guid":{"rendered":"http:\/\/gsigma.rs\/blog\/?p=1095"},"modified":"2020-04-20T14:38:08","modified_gmt":"2020-04-20T12:38:08","slug":"vreme-je-za-carobnu-aloe-veru","status":"publish","type":"post","link":"https:\/\/gsigma.rs\/blog\/vreme-je-za-carobnu-aloe-veru\/","title":{"rendered":"VREME JE ZA \u010cAROBNU ALOE VERU"},"content":{"rendered":"<blockquote><p>Mnogi su ovih dana i nedelja otkrili da imaju dvori\u0161te i ba\u0161tu. Sad kad imaju vremena, voleli bi da im dvori\u0161te lep\u0161e izgleda.<\/p><\/blockquote>\n<p>Za krizna vremena postoji jedna biljka koju lako mo\u017eete nabaviti, kasnije lako razmno\u017eiti, a traja\u0107e vam dugo, uz minimum truda i novca.<\/p>\n<p>To je jedna od zapostavljenih lepotica \u2013 aloe vera.<\/p>\n<p>Aloe vera\u00a0je drevna afri\u010dka biljka, o kojoj prvi zapisi postoje jo\u0161 na mesopotamijskoj plo\u010dici iz 2200. godine pre nove ere.<\/p>\n<p>Aloe veru je mogu\u0107e uzgajati \u010dak i kao\u00a0sobnu biljku, u stanu, odnosno u saksiji.<\/p>\n<p>Starijim biljkama vi\u0161e prija sunce, dok mladim biljkama vi\u0161e odgovara senka. Nakon zime, biljku treba izneti iz zatvorenog prostora\u00a0napolje, ali se ne sme odmah izlo\u017eiti direktnom suncu, jer \u0107e listovi po\u017euteti, pa je prvo treba staviti u polusenku.<\/p>\n<p>Aloe vera ima\u00a0plitak koren, pa bi je trebalo posaditi u \u0161iru i pli\u0107u posudu. Najbolje je na dnu posude za uzgoj aloe naslagati sloj\u00a0kamenja, a zatim i sloj\u00a0peska\u00a0i tek onda dodati\u00a0zemlju. Posude moraju biti \u010detvrtinu ispunjene drena\u017enim materijalom i kompostom, jer je takav sistem sadnje najbli\u017ei njenom prirodnom okru\u017eenju.<\/p>\n<p>Aloe vera\u00a0ne podnosi puno vlage, zato je ne treba\u00a0zalivati\u00a0\u010de\u0161\u0107e od jedanput nedeljno.<\/p>\n<p>Najjednostavniji na\u010din razmno\u017eavanja aloe vere je\u00a0rasa\u0111ivanje mladica\u00a0i to tako da se pa\u017eljivo odvoji izdanak sa dna ili pupoljak, pa se on zasadi. Najbolje vreme je u\u00a0maju\u00a0i\u00a0junu, u razdoblju najintenzivnijeg rasta i razvoja biljke.<\/p>\n<p>\u017divotni vek aloe vere je u proseku 12 godina.<\/p>\n<p>U pitanju je izuzetno dekorativna biljka koja \u0107e vam u toku toplih meseci ulep\u0161ati dvori\u0161te ili ba\u0161tu a zimi hodnik ili predsoblje.<\/p>\n","protected":false},"excerpt":{"rendered":"<p>Mnogi su ovih dana i nedelja otkrili da imaju dvori\u0161te i ba\u0161tu. Sad kad imaju vremena, voleli bi da im dvori\u0161te lep\u0161e izgleda. Za krizna vremena postoji jedna biljka koju lako mo\u017eete nabaviti, kasnije lako razmno\u017eiti, a traja\u0107e vam dugo, uz minimum truda i novca. To je jedna od zapostavljenih lepotica \u2013 aloe vera. Aloe [&hellip;]<\/p>\n","protected":false},"author":3,"featured_media":1096,"comment_status":"closed","ping_status":"open","sticky":false,"template":"","format":"standard","meta":[],"categories":[1],"tags":[33,47],"_links":{"self":[{"href":"https:\/\/gsigma.rs\/blog\/wp-json\/wp\/v2\/posts\/1095"}],"collection":[{"href":"https:\/\/gsigma.rs\/blog\/wp-json\/wp\/v2\/posts"}],"about":[{"href":"https:\/\/gsigma.rs\/blog\/wp-json\/wp\/v2\/types\/post"}],"author":[{"embeddable":true,"href":"https:\/\/gsigma.rs\/blog\/wp-json\/wp\/v2\/users\/3"}],"replies":[{"embeddable":true,"href":"https:\/\/gsigma.rs\/blog\/wp-json\/wp\/v2\/comments?post=1095"}],"version-history":[{"count":1,"href":"https:\/\/gsigma.rs\/blog\/wp-json\/wp\/v2\/posts\/1095\/revisions"}],"predecessor-version":[{"id":1097,"href":"https:\/\/gsigma.rs\/blog\/wp-json\/wp\/v2\/posts\/1095\/revisions\/1097"}],"wp:featuredmedia":[{"embeddable":true,"href":"https:\/\/gsigma.rs\/blog\/wp-json\/wp\/v2\/media\/1096"}],"wp:attachment":[{"href":"https:\/\/gsigma.rs\/blog\/wp-json\/wp\/v2\/media?parent=1095"}],"wp:term":[{"taxonomy":"category","embeddable":true,"href":"https:\/\/gsigma.rs\/blog\/wp-json\/wp\/v2\/categories?post=1095"},{"taxonomy":"post_tag","embeddable":true,"href":"https:\/\/gsigma.rs\/blog\/wp-json\/wp\/v2\/tags?post=1095"}],"curies":[{"name":"wp","href":"https:\/\/api.w.org\/{rel}","templated":true}]}}